{"id":1146,"__str__":"Projeto de Lei do Executivo n\u00ba 16 de 2025","link_detail_backend":"/materia/1146","metadata":{"signs":{"texto_original":{"admin":[],"autores":[["Manoel Francisco de Moura",["2025-09-16T12:07:23-03:00","ICP-Brasil - Certificado PF A1"]]]}}},"numero":16,"ano":2025,"numero_protocolo":null,"data_apresentacao":"2025-09-16","tipo_apresentacao":"E","data_publicacao":null,"numero_origem_externa":"","ano_origem_externa":null,"data_origem_externa":null,"apelido":"","dias_prazo":null,"data_fim_prazo":null,"em_tramitacao":true,"polemica":false,"objeto":"","complementar":false,"ementa":"Prorroga a vig\u00eancia do Plano Municipal de Educa\u00e7\u00e3o do Munic\u00edpio de Abreul\u00e2ndia \u2013 TO, institu\u00eddo pela Lei Municipal n\u00ba 131, de 22 de junho de 2015, e d\u00e1 outras provid\u00eancias.","indexacao":"","observacao":"","resultado":"","texto_original":"http://sapl.abreulandia.to.leg.br/media/sapl/public/materialegislativa/2025/1146/016_-_projeto_de_lei_-_prorroga_plano_mun_de_educacao.pdf","data_ultima_atualizacao":"2025-09-16T14:37:37.212729-03:00","ip":"45.232.243.217","ultima_edicao":"2025-09-16T14:35:08.874827-03:00","tipo":5,"regime_tramitacao":1,"tipo_origem_externa":null,"local_origem_externa":null,"user":14,"anexadas":[1149],"autores":[51]}