{"id":1235,"__str__":"Projeto de Lei do Executivo n\u00ba 1 de 2026","link_detail_backend":"/materia/1235","metadata":{"signs":{"texto_original":{"admin":[],"autores":[["Manoel Francisco de Moura",["2026-02-09T15:35:24-03:00","ICP-Brasil - Certificado PF A3"]]]}}},"numero":1,"ano":2026,"numero_protocolo":null,"data_apresentacao":"2026-02-09","tipo_apresentacao":"E","data_publicacao":null,"numero_origem_externa":"","ano_origem_externa":null,"data_origem_externa":null,"apelido":"","dias_prazo":null,"data_fim_prazo":null,"em_tramitacao":false,"polemica":false,"objeto":"","complementar":false,"ementa":"Disp\u00f5e sobre a revis\u00e3o salarial dos profissionais do magist\u00e9rio e a adequa\u00e7\u00e3o ao sal\u00e1rio-m\u00ednimo nacional dos servidores do quadro geral do Munic\u00edpio de Abreul\u00e2ndia/TO, e d\u00e1 outras provid\u00eancias.","indexacao":"","observacao":"","resultado":"","texto_original":"http://sapl.abreulandia.to.leg.br/media/sapl/public/materialegislativa/2026/1235/projeto_de_lei_001-2026_-_dispoe_sobre_a_revisao_salarial_e_adequacao_ao_salario_minimo.pdf","data_ultima_atualizacao":"2026-02-12T14:20:02.725363-03:00","ip":"187.60.53.107","ultima_edicao":"2026-02-11T17:09:30.958271-03:00","tipo":5,"regime_tramitacao":1,"tipo_origem_externa":null,"local_origem_externa":null,"user":2,"anexadas":[],"autores":[51]}