{"id":1240,"__str__":"Projeto de Lei do Executivo n\u00ba 2 de 2026","link_detail_backend":"/materia/1240","metadata":{"signs":{"texto_original":{"admin":[],"autores":[["Manoel Francisco de Moura",["2026-02-09T15:35:24-03:00","ICP-Brasil - Certificado PF A3"]]]}}},"numero":2,"ano":2026,"numero_protocolo":null,"data_apresentacao":"2026-02-11","tipo_apresentacao":"E","data_publicacao":null,"numero_origem_externa":"","ano_origem_externa":null,"data_origem_externa":null,"apelido":"","dias_prazo":null,"data_fim_prazo":null,"em_tramitacao":false,"polemica":false,"objeto":"","complementar":false,"ementa":"Altera os Anexos I, II e V da Lei Municipal n\u00ba 224/2021, alterada pela Lei n\u00ba 280/2024, para criar o cargo efetivo de Brigadista no Quadro Permanente do Poder Executivo do Munic\u00edpio de Abreul\u00e2ndia/TO, e d\u00e1 outras provid\u00eancias.","indexacao":"","observacao":"","resultado":"","texto_original":"http://sapl.abreulandia.to.leg.br/media/sapl/public/materialegislativa/2026/1240/projeto_de_lei_001-2026_-_dispoe_sobre_a_revisao_salarial_e_adequacao_ao_salario_minimo.pdf","data_ultima_atualizacao":"2026-02-13T08:31:16.124562-03:00","ip":"187.60.53.107","ultima_edicao":"2026-02-11T17:10:52.241138-03:00","tipo":5,"regime_tramitacao":1,"tipo_origem_externa":null,"local_origem_externa":null,"user":2,"anexadas":[],"autores":[51]}