{"id":1249,"__str__":"Parecer Conjunto das Comiss\u00f5es n\u00ba 2 de 2026","link_detail_backend":"/materia/1249","metadata":{},"numero":2,"ano":2026,"numero_protocolo":null,"data_apresentacao":"2026-02-12","tipo_apresentacao":"E","data_publicacao":null,"numero_origem_externa":"","ano_origem_externa":null,"data_origem_externa":null,"apelido":"","dias_prazo":null,"data_fim_prazo":null,"em_tramitacao":false,"polemica":false,"objeto":"","complementar":false,"ementa":"Parecer Legislativo n\u00ba 002, 12 de Fevereiro de 2026, Altera os Anexos I, II e V da Lei Municipal no 224/2021, alterada pela Lei no 280/2024, para criar o cargo efetivo de Brigadista no Quadro Permanente do Poder Executivo do Munic\u00edpio de Abreul\u00e2ndia/TO, e d\u00e1 outras provid\u00eancias.","indexacao":"","observacao":"","resultado":"","texto_original":"http://sapl.abreulandia.to.leg.br/media/sapl/public/materialegislativa/2026/1249/parecer__projeto_de_lei_do_executivo_02_-_criacao_de_cargo_de_brigadista_1.pdf","data_ultima_atualizacao":"2026-02-12T16:20:37.128110-03:00","ip":"200.173.44.158","ultima_edicao":"2026-02-12T16:20:02.475108-03:00","tipo":10,"regime_tramitacao":1,"tipo_origem_externa":null,"local_origem_externa":null,"user":19,"anexadas":[],"autores":[1,4,2]}