{"headers": {"id": "ID", "periodo": "Per\u00edodo", "titulo": "Mat\u00e9ria", "autor": "Autor", "ementa": "Ementa", "situacao": "Situa\u00e7\u00e3o"}, "results": [{"id": 1305, "periodo": "ordem dia", "titulo": "Ata da Sess\u00e3o Ordin\u00e1ria n\u00ba 9 de 2026", "autor": "", "ementa": "Ata Eletr\u00f4nica da 9\u00aa Sess\u00e3o Ordin\u00e1ria", "situacao": "Discuss\u00e3o e Vota\u00e7\u00e3o"}, {"id": 1306, "periodo": "ordem dia", "titulo": "Ata da Sess\u00e3o Ordin\u00e1ria n\u00ba 10 de 2026", "autor": "", "ementa": "Ata Eletr\u00f4nica da 10\u00aa Sess\u00e3o Ordin\u00e1ria", "situacao": "Discuss\u00e3o e Vota\u00e7\u00e3o"}, {"id": 1290, "periodo": "ordem dia", "titulo": "Projeto de Lei do Legislativo n\u00ba 1 de 2026", "autor": "Dinamilton da Silva Lima", "ementa": "Autoriza a doa\u00e7\u00e3o de bens m\u00f3veis da C\u00e2mara Municipal de Abreul\u00e2ndia/TO ao Poder Executivo Municipal e d\u00e1 outras provid\u00eancias.", "situacao": "Inclu\u00edda na Ordem do Dia - 2\u00aa Vota\u00e7\u00e3o"}, {"id": 1307, "periodo": "ordem dia", "titulo": "Requerimento n\u00ba 65 de 2026", "autor": "Celiv\u00e2nia de Ara\u00fajo Neves", "ementa": "Contrata\u00e7\u00e3o  de profissional nutricionista.", "situacao": "Leitura, Discuss\u00e3o e Vota\u00e7\u00e3o"}, {"id": 1308, "periodo": "ordem dia", "titulo": "Requerimento n\u00ba 66 de 2026", "autor": "Celiv\u00e2nia de Ara\u00fajo Neves", "ementa": "Implanta\u00e7\u00e3o de um espa\u00e7o destinado a atendimentos de primeiros socorros no Assentamento P.A. Baronesa.", "situacao": "Leitura, Discuss\u00e3o e Vota\u00e7\u00e3o"}, {"id": 1309, "periodo": "ordem dia", "titulo": "Requerimento n\u00ba 68 de 2026", "autor": "M\u00f4nica Pereira de Figueiredo Narciso,Willian Nascimento de Moura", "ementa": "Constru\u00e7\u00e3o de uma tribuna de 02 (dois) andares no Est\u00e1dio Municipal Mariano Pereira, destinada \u00e0 transmiss\u00e3o de \u00e1udio e imagem via internet, r\u00e1dio e televis\u00e3o.", "situacao": "Leitura, Discuss\u00e3o e Vota\u00e7\u00e3o"}, {"id": 1310, "periodo": "ordem dia", "titulo": "Requerimento n\u00ba 69 de 2026", "autor": "M\u00f4nica Pereira de Figueiredo Narciso,Willian Nascimento de Moura", "ementa": "Cria\u00e7\u00e3o do Hino Oficial do Munic\u00edpio de Abreul\u00e2ndia \u2013 TO.", "situacao": "Leitura, Discuss\u00e3o e Vota\u00e7\u00e3o"}, {"id": 1311, "periodo": "ordem dia", "titulo": "Requerimento n\u00ba 71 de 2026", "autor": "Raimundo Nonato In\u00e1cio de Sousa", "ementa": "Implanta\u00e7\u00e3o de rede de energia el\u00e9trica na Rua 20, localizada no Setor Monte Sinai.", "situacao": "Leitura, Discuss\u00e3o e Vota\u00e7\u00e3o"}]}